{"id":5749,"date":"2026-02-02T12:49:45","date_gmt":"2026-02-02T11:49:45","guid":{"rendered":"https:\/\/www.bioregion-havelland.de\/?p=5749"},"modified":"2026-04-02T14:18:31","modified_gmt":"2026-04-02T12:18:31","slug":"veranstaltung-staymmtisch","status":"publish","type":"post","link":"https:\/\/www.bioregion-havelland.de\/index.php\/2026\/02\/02\/veranstaltung-staymmtisch\/","title":{"rendered":"Farm-to-table Dinner: Unterm Kirschbaum"},"content":{"rendered":"<p>Stellt euch einen warmen Juniabend vor, eine lange Tafel unter alten Kirschb\u00e4umen, feine Brandenburger Mezze, gute Gespr\u00e4che und ein Glas Wein in der Hand. Genau das erwartet euch beim legend\u00e4ren\u00a0<strong>Farm-to-Table-Dinner<\/strong>\u00a0mit Spitzenkoch\u00a0<strong>Christian Heymer<\/strong>\u00a0und Hofk\u00f6chin\u00a0<strong>Rahel Volz<\/strong>.<\/p>\n<p><strong>Wo:<\/strong> Auf der <a href=\"http:\/\/9VF6+CX, 14542 Werder (Havel)\">Obstwiese vom Biohof Werder<\/a><\/p>\n<p><strong>Preis:<\/strong> 139 \u20ac pro Person inkl. Speisen, Weinbegleitung und Hoff\u00fchrung<\/p>\n","protected":false},"excerpt":{"rendered":"<p>Stellt euch einen warmen Juniabend vor, eine lange Tafel unter alten Kirschb\u00e4umen, feine Brandenburger Mezze, gute Gespr\u00e4che und ein Glas Wein in der Hand. Genau das erwartet euch beim legend\u00e4ren\u00a0Farm-to-Table-Dinner\u00a0mit Spitzenkoch\u00a0Christian Heymer\u00a0und Hofk\u00f6chin\u00a0Rahel Volz. Wo: Auf der Obstwiese vom Biohof Werder Preis: 139 \u20ac pro Person inkl. Speisen, Weinbegleitung und Hoff\u00fchrung<\/p>\n","protected":false},"author":2,"featured_media":6399,"comment_status":"open","ping_status":"open","sticky":false,"template":"","format":"standard","meta":{"_acf_changed":false,"footnotes":""},"categories":[1,43],"tags":[],"class_list":["post-5749","post","type-post","status-publish","format-standard","has-post-thumbnail","hentry","category-allgemein","category-veranstaltung"],"acf":[],"_links":{"self":[{"href":"https:\/\/www.bioregion-havelland.de\/index.php\/wp-json\/wp\/v2\/posts\/5749","targetHints":{"allow":["GET"]}}],"collection":[{"href":"https:\/\/www.bioregion-havelland.de\/index.php\/wp-json\/wp\/v2\/posts"}],"about":[{"href":"https:\/\/www.bioregion-havelland.de\/index.php\/wp-json\/wp\/v2\/types\/post"}],"author":[{"embeddable":true,"href":"https:\/\/www.bioregion-havelland.de\/index.php\/wp-json\/wp\/v2\/users\/2"}],"replies":[{"embeddable":true,"href":"https:\/\/www.bioregion-havelland.de\/index.php\/wp-json\/wp\/v2\/comments?post=5749"}],"version-history":[{"count":22,"href":"https:\/\/www.bioregion-havelland.de\/index.php\/wp-json\/wp\/v2\/posts\/5749\/revisions"}],"predecessor-version":[{"id":6502,"href":"https:\/\/www.bioregion-havelland.de\/index.php\/wp-json\/wp\/v2\/posts\/5749\/revisions\/6502"}],"wp:featuredmedia":[{"embeddable":true,"href":"https:\/\/www.bioregion-havelland.de\/index.php\/wp-json\/wp\/v2\/media\/6399"}],"wp:attachment":[{"href":"https:\/\/www.bioregion-havelland.de\/index.php\/wp-json\/wp\/v2\/media?parent=5749"}],"wp:term":[{"taxonomy":"category","embeddable":true,"href":"https:\/\/www.bioregion-havelland.de\/index.php\/wp-json\/wp\/v2\/categories?post=5749"},{"taxonomy":"post_tag","embeddable":true,"href":"https:\/\/www.bioregion-havelland.de\/index.php\/wp-json\/wp\/v2\/tags?post=5749"}],"curies":[{"name":"wp","href":"https:\/\/api.w.org\/{rel}","templated":true}]}}