{"id":5757,"date":"2026-02-02T08:56:41","date_gmt":"2026-02-02T07:56:41","guid":{"rendered":"https:\/\/www.bioregion-havelland.de\/?p=5757"},"modified":"2026-04-02T14:22:00","modified_gmt":"2026-04-02T12:22:00","slug":"hoffest-in-werder","status":"publish","type":"post","link":"https:\/\/www.bioregion-havelland.de\/index.php\/2026\/02\/02\/hoffest-in-werder\/","title":{"rendered":"Farm-to-table Dinner: Schmecken. Ernten. Kochen. Essen"},"content":{"rendered":"<p><strong>EIN TAG F\u00dcR DIE GANZE FAMILIE<\/strong><\/p>\n<p>Am Rand des idyllischen Schl\u00e4nitzsees und mitten im 10 ha gro\u00dfen Acker und wachsenden Agroforst verbringen wir gemeinsam den Tag. Ihr entdeckt die sprie\u00dfende Gem\u00fcsevielfalt des Fr\u00fchlings und bereitet in der Ackerk\u00fcche k\u00f6stliche Mahlzeiten zu. Mit dabei sind die Hoftiere der SoLaWi. Ihr k\u00f6nnt die Esel f\u00fcttern und Schafe k\u00e4mmen. Wildes Toben auf der Wiese ist gew\u00fcnscht, und wer mag, darf gleich mit anpacken und passend zum Fr\u00fchjahr Kartoffeln legen.<\/p>\n<p><strong>Ort:<\/strong> Ausbau, 14469 Potsdam, hier ist der<a href=\"https:\/\/maps.app.goo.gl\/nJqmjkfJuhjPA4wTA\"> Zugang zu Gel\u00e4nde und Parkplatz<\/a><\/p>\n<p><strong>Zeit:<\/strong> Samstag, 9. Mai 2026, ab 15 Uhr (bis zum Sonnenuntergang)<\/p>\n<p><strong>Preis:<\/strong> 25 \u20ac f\u00fcr Erwachsene \/ 10 \u20ac f\u00fcr Kinder inkl. Essen und alkoholfreie Getr\u00e4nke<\/p>\n<p><strong>Hinweise:<\/strong><\/p>\n<ul>\n<li>Das Gel\u00e4nde ist leider nicht barrierefrei.<\/li>\n<li>Ihr verbringt den Tag im Freien und auf dem Feld. Bitte denkt an passende Kleidung, ggf. Sonnen- und Insektenschutz.<\/li>\n<\/ul>\n<p><strong>Anfahrt mit \u00f6ffentlichen Verkehrsmitteln:<\/strong><\/p>\n<ul>\n<li>Bus Nr. 612, Haltestelle Potsdam, Schl\u00e4nitzseer Weg (von hier noch 25 Min. Fu\u00dfweg)<\/li>\n<li>Bahnhof Marquardt (von hier noch 10 Min. mit dem Fahrrad)<\/li>\n<li>Bahnhof Golm (von hier noch 20 Min. mit dem Fahrrad)<\/li>\n<\/ul>\n","protected":false},"excerpt":{"rendered":"<p>EIN TAG F\u00dcR DIE GANZE FAMILIE Am Rand des idyllischen Schl\u00e4nitzsees und mitten im 10 ha gro\u00dfen Acker und wachsenden Agroforst verbringen wir gemeinsam den Tag. Ihr entdeckt die sprie\u00dfende Gem\u00fcsevielfalt des Fr\u00fchlings und bereitet in der Ackerk\u00fcche k\u00f6stliche Mahlzeiten zu. Mit dabei sind die Hoftiere der SoLaWi. Ihr k\u00f6nnt die Esel f\u00fcttern und Schafe<\/p>\n","protected":false},"author":2,"featured_media":6427,"comment_status":"open","ping_status":"open","sticky":false,"template":"","format":"standard","meta":{"_acf_changed":false,"footnotes":""},"categories":[1,43],"tags":[],"class_list":["post-5757","post","type-post","status-publish","format-standard","has-post-thumbnail","hentry","category-allgemein","category-veranstaltung"],"acf":[],"_links":{"self":[{"href":"https:\/\/www.bioregion-havelland.de\/index.php\/wp-json\/wp\/v2\/posts\/5757","targetHints":{"allow":["GET"]}}],"collection":[{"href":"https:\/\/www.bioregion-havelland.de\/index.php\/wp-json\/wp\/v2\/posts"}],"about":[{"href":"https:\/\/www.bioregion-havelland.de\/index.php\/wp-json\/wp\/v2\/types\/post"}],"author":[{"embeddable":true,"href":"https:\/\/www.bioregion-havelland.de\/index.php\/wp-json\/wp\/v2\/users\/2"}],"replies":[{"embeddable":true,"href":"https:\/\/www.bioregion-havelland.de\/index.php\/wp-json\/wp\/v2\/comments?post=5757"}],"version-history":[{"count":35,"href":"https:\/\/www.bioregion-havelland.de\/index.php\/wp-json\/wp\/v2\/posts\/5757\/revisions"}],"predecessor-version":[{"id":6503,"href":"https:\/\/www.bioregion-havelland.de\/index.php\/wp-json\/wp\/v2\/posts\/5757\/revisions\/6503"}],"wp:featuredmedia":[{"embeddable":true,"href":"https:\/\/www.bioregion-havelland.de\/index.php\/wp-json\/wp\/v2\/media\/6427"}],"wp:attachment":[{"href":"https:\/\/www.bioregion-havelland.de\/index.php\/wp-json\/wp\/v2\/media?parent=5757"}],"wp:term":[{"taxonomy":"category","embeddable":true,"href":"https:\/\/www.bioregion-havelland.de\/index.php\/wp-json\/wp\/v2\/categories?post=5757"},{"taxonomy":"post_tag","embeddable":true,"href":"https:\/\/www.bioregion-havelland.de\/index.php\/wp-json\/wp\/v2\/tags?post=5757"}],"curies":[{"name":"wp","href":"https:\/\/api.w.org\/{rel}","templated":true}]}}